{"id":284,"date":"2025-08-14T12:06:27","date_gmt":"2025-08-14T11:06:27","guid":{"rendered":"https:\/\/woodcrafter.cz\/?p=284"},"modified":"2025-08-14T13:50:33","modified_gmt":"2025-08-14T12:50:33","slug":"vyroba-vyvyseneho-zahonu","status":"publish","type":"post","link":"https:\/\/woodcrafter.cz\/en\/ostatni-vyroba\/vyroba-vyvyseneho-zahonu\/","title":{"rendered":"The production of a raised flower bed"},"content":{"rendered":"<p>[et_pb_section fb_built=&#8220;1&#8243; _builder_version=&#8220;4.27.4&#8243; _module_preset=&#8220;default&#8220; global_colors_info=&#8220;{}&#8220;][et_pb_row _builder_version=&#8220;4.27.4&#8243; _module_preset=&#8220;default&#8220; global_colors_info=&#8220;{}&#8220;][et_pb_column type=&#8220;4_4&#8243; _builder_version=&#8220;4.27.4&#8243; _module_preset=&#8220;default&#8220; global_colors_info=&#8220;{}&#8220;][et_pb_text _builder_version=&#8220;4.27.4&#8243; _module_preset=&#8220;default&#8220; hover_enabled=&#8220;0&#8243; global_colors_info=&#8220;{}&#8220; width=&#8220;80%&#8220; module_alignment=&#8220;center&#8220; sticky_enabled=&#8220;0&#8243;]<\/p>\n<p>V\u00fdroba vyv\u00fd\u0161en\u00fdch z\u00e1hon\u016f na ja\u0159e fr\u010d\u00ed. Takto je vyr\u00e1b\u00edme my.<\/p>\n<p>[\/et_pb_text][\/et_pb_column][\/et_pb_row][et_pb_row use_custom_gutter=&#8220;on&#8220; gutter_width=&#8220;2&#8243; make_equal=&#8220;on&#8220; _builder_version=&#8220;4.27.4&#8243; _module_preset=&#8220;default&#8220; width=&#8220;100%&#8220; module_alignment=&#8220;center&#8220; global_colors_info=&#8220;{}&#8220;][et_pb_column type=&#8220;4_4&#8243; _builder_version=&#8220;4.27.4&#8243; _module_preset=&#8220;default&#8220; global_colors_info=&#8220;{}&#8220;][et_pb_gallery gallery_ids=&#8220;292,291,288,289,290,296,293,294,295&#8243; posts_number=&#8220;30&#8243; show_title_and_caption=&#8220;off&#8220; show_pagination=&#8220;off&#8220; zoom_icon_color=&#8220;#FFFFFF&#8220; hover_overlay_color=&#8220;rgba(38,18,0,0.66)&#8220; _builder_version=&#8220;4.27.4&#8243; _module_preset=&#8220;default&#8220; width=&#8220;80%&#8220; module_alignment=&#8220;center&#8220; hover_enabled=&#8220;0&#8243; global_colors_info=&#8220;{}&#8220; hover_icon=&#8220;&#x54;||divi||400&#8243; sticky_enabled=&#8220;0&#8243;][\/et_pb_gallery][\/et_pb_column][\/et_pb_row][\/et_pb_section]<\/p>\n","protected":false},"excerpt":{"rendered":"<p>The production of the raised beds in the spring fashion. This way we manufacture.<\/p>","protected":false},"author":1,"featured_media":294,"comment_status":"closed","ping_status":"open","sticky":false,"template":"","format":"standard","meta":{"_et_pb_use_builder":"on","_et_pb_old_content":"","_et_gb_content_width":"","_jetpack_memberships_contains_paid_content":false,"footnotes":""},"categories":[9],"tags":[],"class_list":["post-284","post","type-post","status-publish","format-standard","has-post-thumbnail","hentry","category-ostatni-vyroba"],"jetpack_featured_media_url":"https:\/\/woodcrafter.cz\/wp-content\/uploads\/2025\/08\/IMG_20250514_184511.jpg_compressed.jpeg","jetpack_sharing_enabled":true,"_links":{"self":[{"href":"https:\/\/woodcrafter.cz\/en\/wp-json\/wp\/v2\/posts\/284","targetHints":{"allow":["GET"]}}],"collection":[{"href":"https:\/\/woodcrafter.cz\/en\/wp-json\/wp\/v2\/posts"}],"about":[{"href":"https:\/\/woodcrafter.cz\/en\/wp-json\/wp\/v2\/types\/post"}],"author":[{"embeddable":true,"href":"https:\/\/woodcrafter.cz\/en\/wp-json\/wp\/v2\/users\/1"}],"replies":[{"embeddable":true,"href":"https:\/\/woodcrafter.cz\/en\/wp-json\/wp\/v2\/comments?post=284"}],"version-history":[{"count":7,"href":"https:\/\/woodcrafter.cz\/en\/wp-json\/wp\/v2\/posts\/284\/revisions"}],"predecessor-version":[{"id":314,"href":"https:\/\/woodcrafter.cz\/en\/wp-json\/wp\/v2\/posts\/284\/revisions\/314"}],"wp:featuredmedia":[{"embeddable":true,"href":"https:\/\/woodcrafter.cz\/en\/wp-json\/wp\/v2\/media\/294"}],"wp:attachment":[{"href":"https:\/\/woodcrafter.cz\/en\/wp-json\/wp\/v2\/media?parent=284"}],"wp:term":[{"taxonomy":"category","embeddable":true,"href":"https:\/\/woodcrafter.cz\/en\/wp-json\/wp\/v2\/categories?post=284"},{"taxonomy":"post_tag","embeddable":true,"href":"https:\/\/woodcrafter.cz\/en\/wp-json\/wp\/v2\/tags?post=284"}],"curies":[{"name":"wp","href":"https:\/\/api.w.org\/{rel}","templated":true}]}}