{"id":1408,"date":"2025-12-05T12:57:32","date_gmt":"2025-12-05T11:57:32","guid":{"rendered":"https:\/\/woodcrafter.cz\/?p=1408"},"modified":"2025-12-05T14:04:03","modified_gmt":"2025-12-05T13:04:03","slug":"lamino-vs-masivni-drevo-jaky-material-zvolit-a-v-cem-se-lisi","status":"publish","type":"post","link":"https:\/\/woodcrafter.cz\/en\/ostatni-vyroba\/lamino-vs-masivni-drevo-jaky-material-zvolit-a-v-cem-se-lisi\/","title":{"rendered":"Lamino vs masivn\u00ed d\u0159evo: Jak\u00fd materi\u00e1l zvolit a v \u010dem se li\u0161\u00ed?"},"content":{"rendered":"<p>[et_pb_section fb_built=&#8220;1&#8243; _builder_version=&#8220;4.27.4&#8243; _module_preset=&#8220;default&#8220; global_colors_info=&#8220;{}&#8220;][et_pb_row _builder_version=&#8220;4.27.4&#8243; _module_preset=&#8220;default&#8220; global_colors_info=&#8220;{}&#8220;][et_pb_column type=&#8220;4_4&#8243; _builder_version=&#8220;4.27.4&#8243; _module_preset=&#8220;default&#8220; global_colors_info=&#8220;{}&#8220;][et_pb_text _builder_version=&#8220;4.27.5&#8243; _module_preset=&#8220;default&#8220; header_2_font_size=&#8220;35px&#8220; header_2_line_height=&#8220;1.3em&#8220; width=&#8220;80%&#8220; module_alignment=&#8220;center&#8220; global_colors_info=&#8220;{}&#8220;]<\/p>\n<h2><strong>Lamino vs masivn\u00ed d\u0159evo: Jak\u00fd materi\u00e1l zvolit a v \u010dem se li\u0161\u00ed?<\/strong><\/h2>\n<p>P\u0159i v\u00fdb\u011bru n\u00e1bytku se nej\u010dast\u011bji setk\u00e1te se dv\u011bma materi\u00e1ly \u2013 <strong>laminem<\/strong> a <strong>masivn\u00edm d\u0159evem<\/strong>. Ka\u017ed\u00fd z nich m\u00e1 sv\u00e9 v\u00fdhody, nev\u00fdhody a typick\u00e9 pou\u017eit\u00ed. Tento \u010dl\u00e1nek v\u00e1m p\u0159ehledn\u011b vysv\u011btl\u00ed, kdy s\u00e1hnout po laminu a kdy je lep\u0161\u00ed investovat do masivu.<\/p>\n<hr \/>\n<h2><strong>Co je lamino?<\/strong><\/h2>\n<p>Lamino je <strong>d\u0159evot\u0159\u00edska pota\u017een\u00e1 lamin\u00e1tovou f\u00f3li\u00ed<\/strong>, kter\u00e1 imituje r\u016fzn\u00e9 dekory \u2013 nej\u010dast\u011bji d\u0159evo. Jde o cenov\u011b dostupn\u00fd a velmi roz\u0161\u00ed\u0159en\u00fd materi\u00e1l.<\/p>\n<h3><strong>V\u00fdhody lamina<\/strong><\/h3>\n<ul>\n<li><strong>N\u00edzk\u00e1 cena<\/strong> \u2013 ide\u00e1ln\u00ed pro men\u0161\u00ed rozpo\u010det.<\/li>\n<li><strong>Velk\u00e1 \u0161k\u00e1la dekor\u016f<\/strong> \u2013 od imitace d\u0159eva po modern\u00ed barvy.<\/li>\n<li><strong>Snadn\u00e1 \u00fadr\u017eba<\/strong> \u2013 povrch sta\u010d\u00ed ot\u0159\u00edt vlhk\u00fdm had\u0159\u00edkem.<\/li>\n<li><strong>Odolnost proti po\u0161kr\u00e1b\u00e1n\u00ed<\/strong> \u2013 zejm\u00e9na u kvalitn\u00edch HPL povrch\u016f.<\/li>\n<li><strong>St\u00e1lost vzhledu<\/strong> \u2013 nepracuje jako d\u0159evo, nedeformuje se.<\/li>\n<\/ul>\n<h3><strong>Nev\u00fdhody lamina<\/strong><\/h3>\n<ul>\n<li><strong>Nen\u00ed tak pevn\u00e9 ani trvanliv\u00e9<\/strong> jako masiv.<\/li>\n<li><strong>Nelze renovovat<\/strong> \u2013 po mechanick\u00e9m po\u0161kozen\u00ed je \u010dasto nutn\u00e1 v\u00fdm\u011bna d\u00edlu.<\/li>\n<li><strong>Studen\u011bj\u0161\u00ed vzhled<\/strong> \u2013 chyb\u00ed p\u0159irozen\u00e1 kresba a \u201eteplo\u201c prav\u00e9ho d\u0159eva.<\/li>\n<\/ul>\n<h3><strong>Kde se lamino pou\u017e\u00edv\u00e1<\/strong><\/h3>\n<ul>\n<li>kuchy\u0148sk\u00e9 linky<\/li>\n<li>vestav\u011bn\u00e9 sk\u0159\u00edn\u011b<\/li>\n<li>police a \u00falo\u017en\u00e9 syst\u00e9my<\/li>\n<li>kancel\u00e1\u0159sk\u00fd n\u00e1bytek<\/li>\n<li>modern\u00ed minimalistick\u00e9 interi\u00e9ry<\/li>\n<\/ul>\n<hr \/>\n<h2><strong>Co je masivn\u00ed d\u0159evo?<\/strong><\/h2>\n<p>Masiv je <strong>pln\u00e9 p\u0159\u00edrodn\u00ed d\u0159evo<\/strong>, nej\u010dast\u011bji smrk, dub, buk nebo borovice. Ka\u017ed\u00fd kus m\u00e1 jedine\u010dnou kresbu i strukturu.<\/p>\n<h3><strong>V\u00fdhody masivu<\/strong><\/h3>\n<ul>\n<li><strong>Vysok\u00e1 pevnost a dlouh\u00e1 \u017eivotnost<\/strong> \u2013 vydr\u017e\u00ed i des\u00edtky let.<\/li>\n<li><strong>Mo\u017enost renovace<\/strong> \u2013 p\u0159ebrou\u0161en\u00ed, olejov\u00e1n\u00ed \u010di voskov\u00e1n\u00ed obnov\u00ed vzhled.<\/li>\n<li><strong>P\u0159\u00edrodn\u00ed materi\u00e1l<\/strong> \u2013 kr\u00e1sn\u00e1 struktura, tepl\u00fd pocit na dotek.<\/li>\n<li><strong>Unik\u00e1tn\u00ed vzhled<\/strong> \u2013 \u017e\u00e1dn\u00fd kus nen\u00ed stejn\u00fd.<\/li>\n<li><strong>Ekologie<\/strong> \u2013 p\u0159i spr\u00e1vn\u00e9m v\u00fdb\u011bru jde o ekologickou volbu.<\/li>\n<\/ul>\n<h3><strong>Nev\u00fdhody masivu<\/strong><\/h3>\n<ul>\n<li><strong>Vy\u0161\u0161\u00ed cena<\/strong> \u2013 kvalitn\u00ed d\u0159evo je dra\u017e\u0161\u00ed ne\u017e lamino.<\/li>\n<li><strong>Citlivost na vlhkost a teplotu<\/strong> \u2013 m\u016f\u017ee pracovat, roz\u0161i\u0159ovat se \u010di smr\u0161\u0165ovat.<\/li>\n<li><strong>Vy\u017eaduje \u00fadr\u017ebu<\/strong> \u2013 olejov\u00e1n\u00ed \u010di voskov\u00e1n\u00ed alespo\u0148 n\u011bkolikr\u00e1t ro\u010dn\u011b.<\/li>\n<li><strong>Hmotnost<\/strong> \u2013 masiv je v\u00fdrazn\u011b t\u011b\u017e\u0161\u00ed ne\u017e lamino.<\/li>\n<\/ul>\n<h3><strong>Kde se masiv pou\u017e\u00edv\u00e1<\/strong><\/h3>\n<ul>\n<li>j\u00eddeln\u00ed a konferen\u010dn\u00ed stoly<\/li>\n<li>postele a lo\u017enicov\u00fd n\u00e1bytek<\/li>\n<li>designov\u00e9 sk\u0159\u00ed\u0148ky a komody<\/li>\n<li>d\u011btsk\u00fd n\u00e1bytek<\/li>\n<li>luxusn\u00ed interi\u00e9ry a rustik\u00e1ln\u00ed styl<\/li>\n<\/ul>\n<hr \/>\n<h2><strong>Jak vybrat spr\u00e1vn\u00fd materi\u00e1l?<\/strong><\/h2>\n<h3>Zvolte <strong>lamino<\/strong>, pokud:<\/h3>\n<ul>\n<li>hled\u00e1te cenov\u011b dostupn\u00e9 \u0159e\u0161en\u00ed<\/li>\n<li>pot\u0159ebujete sk\u0159\u00ed\u0148, knihovnu nebo kuchy\u0148 s rovn\u00fdmi liniemi<\/li>\n<li>preferujete bez\u00fadr\u017ebov\u00fd povrch<\/li>\n<li>chcete modern\u00ed, barevn\u00fd nebo jednolit\u00fd design<\/li>\n<\/ul>\n<h3>Zvolte <strong>masiv<\/strong>, pokud:<\/h3>\n<ul>\n<li>chcete n\u00e1bytek, kter\u00fd vydr\u017e\u00ed generace<\/li>\n<li>ocen\u00edte p\u0159\u00edrodn\u00ed materi\u00e1ly<\/li>\n<li>hled\u00e1te byteln\u00fd st\u016fl, postel nebo kvalitn\u00ed solit\u00e9r<\/li>\n<li>nevad\u00ed v\u00e1m pravideln\u00e1 p\u00e9\u010de o d\u0159evo<\/li>\n<\/ul>\n<hr \/>\n<p>Lamino je <strong>praktick\u00e9, levn\u011bj\u0161\u00ed a ide\u00e1ln\u00ed pro \u00falo\u017en\u00e9 prostory<\/strong>, sk\u0159\u00edn\u011b nebo kuchyn\u011b. Masivn\u00ed d\u0159evo je naopak volba pro ty, kte\u0159\u00ed hledaj\u00ed <strong>kvalitu, p\u0159\u00edrodn\u00ed vzhled a dlouhou \u017eivotnost<\/strong>.<\/p>\n<p>Oba materi\u00e1ly maj\u00ed sv\u00e9 m\u00edsto \u2013 d\u016fle\u017eit\u00e9 je vybrat ten, kter\u00fd odpov\u00edd\u00e1 va\u0161emu stylu, rozpo\u010dtu a o\u010dek\u00e1van\u00e9mu pou\u017eit\u00ed.<\/p>\n<p>[\/et_pb_text][\/et_pb_column][\/et_pb_row][\/et_pb_section]<\/p>\n","protected":false},"excerpt":{"rendered":"<p>Lamino vs masivn\u00ed d\u0159evo: Jak\u00fd materi\u00e1l zvolit a v \u010dem se li\u0161\u00ed? P\u0159i v\u00fdb\u011bru n\u00e1bytku se nej\u010dast\u011bji setk\u00e1te se dv\u011bma materi\u00e1ly \u2013 laminem a masivn\u00edm d\u0159evem. Ka\u017ed\u00fd z nich m\u00e1 sv\u00e9 v\u00fdhody, nev\u00fdhody a typick\u00e9 pou\u017eit\u00ed. Tento \u010dl\u00e1nek v\u00e1m p\u0159ehledn\u011b vysv\u011btl\u00ed, kdy s\u00e1hnout po laminu a kdy je lep\u0161\u00ed investovat do masivu. Co je lamino? [&hellip;]<\/p>\n","protected":false},"author":1,"featured_media":208,"comment_status":"closed","ping_status":"open","sticky":false,"template":"","format":"standard","meta":{"_et_pb_use_builder":"on","_et_pb_old_content":"","_et_gb_content_width":"","_jetpack_memberships_contains_paid_content":false,"footnotes":""},"categories":[9],"tags":[],"class_list":["post-1408","post","type-post","status-publish","format-standard","has-post-thumbnail","hentry","category-ostatni-vyroba"],"jetpack_featured_media_url":"https:\/\/woodcrafter.cz\/wp-content\/uploads\/2025\/03\/viber_image_2025-01-25_22-18-11-338.jpg","jetpack_sharing_enabled":true,"_links":{"self":[{"href":"https:\/\/woodcrafter.cz\/en\/wp-json\/wp\/v2\/posts\/1408","targetHints":{"allow":["GET"]}}],"collection":[{"href":"https:\/\/woodcrafter.cz\/en\/wp-json\/wp\/v2\/posts"}],"about":[{"href":"https:\/\/woodcrafter.cz\/en\/wp-json\/wp\/v2\/types\/post"}],"author":[{"embeddable":true,"href":"https:\/\/woodcrafter.cz\/en\/wp-json\/wp\/v2\/users\/1"}],"replies":[{"embeddable":true,"href":"https:\/\/woodcrafter.cz\/en\/wp-json\/wp\/v2\/comments?post=1408"}],"version-history":[{"count":6,"href":"https:\/\/woodcrafter.cz\/en\/wp-json\/wp\/v2\/posts\/1408\/revisions"}],"predecessor-version":[{"id":1415,"href":"https:\/\/woodcrafter.cz\/en\/wp-json\/wp\/v2\/posts\/1408\/revisions\/1415"}],"wp:featuredmedia":[{"embeddable":true,"href":"https:\/\/woodcrafter.cz\/en\/wp-json\/wp\/v2\/media\/208"}],"wp:attachment":[{"href":"https:\/\/woodcrafter.cz\/en\/wp-json\/wp\/v2\/media?parent=1408"}],"wp:term":[{"taxonomy":"category","embeddable":true,"href":"https:\/\/woodcrafter.cz\/en\/wp-json\/wp\/v2\/categories?post=1408"},{"taxonomy":"post_tag","embeddable":true,"href":"https:\/\/woodcrafter.cz\/en\/wp-json\/wp\/v2\/tags?post=1408"}],"curies":[{"name":"wp","href":"https:\/\/api.w.org\/{rel}","templated":true}]}}